{"id":1,"date":"2023-10-19T09:25:56","date_gmt":"2023-10-19T09:25:56","guid":{"rendered":"https:\/\/web4.rkinformatika.net\/empleadadehogar\/?p=1"},"modified":"2023-10-20T15:25:19","modified_gmt":"2023-10-20T15:25:19","slug":"altas-bajas-de-un-empleado","status":"publish","type":"post","link":"https:\/\/empleadadehogar.net\/eu\/altas-bajas-de-un-empleado\/","title":{"rendered":"Altas y Bajas de un empleado"},"content":{"rendered":"<div data-elementor-type=\"wp-post\" data-elementor-id=\"1\" class=\"elementor elementor-1\" data-elementor-post-type=\"post\">\n\t\t\t\t<div class=\"elementor-element elementor-element-490f39e5 e-flex e-con-boxed e-con e-parent\" data-id=\"490f39e5\" data-element_type=\"container\" data-e-type=\"container\">\n\t\t\t\t\t<div class=\"e-con-inner\">\n\t\t\t\t<div class=\"elementor-element elementor-element-180ede8 elementor-widget elementor-widget-image\" data-id=\"180ede8\" data-element_type=\"widget\" data-e-type=\"widget\" data-widget_type=\"image.default\">\n\t\t\t\t<div class=\"elementor-widget-container\">\n\t\t\t\t\t\t\t\t\t\t\t\t\t\t\t<img fetchpriority=\"high\" decoding=\"async\" width=\"800\" height=\"534\" src=\"https:\/\/empleadadehogar.net\/wp-content\/uploads\/2023\/10\/selective-focus-of-smiling-businesswoman-and-colle-2021-08-29-21-21-41-utc-1024x683.jpg\" class=\"attachment-large size-large wp-image-178\" alt=\"\" srcset=\"https:\/\/empleadadehogar.net\/wp-content\/uploads\/2023\/10\/selective-focus-of-smiling-businesswoman-and-colle-2021-08-29-21-21-41-utc-1024x683.jpg 1024w, https:\/\/empleadadehogar.net\/wp-content\/uploads\/2023\/10\/selective-focus-of-smiling-businesswoman-and-colle-2021-08-29-21-21-41-utc-300x200.jpg 300w, https:\/\/empleadadehogar.net\/wp-content\/uploads\/2023\/10\/selective-focus-of-smiling-businesswoman-and-colle-2021-08-29-21-21-41-utc-768x512.jpg 768w, https:\/\/empleadadehogar.net\/wp-content\/uploads\/2023\/10\/selective-focus-of-smiling-businesswoman-and-colle-2021-08-29-21-21-41-utc-1536x1024.jpg 1536w, https:\/\/empleadadehogar.net\/wp-content\/uploads\/2023\/10\/selective-focus-of-smiling-businesswoman-and-colle-2021-08-29-21-21-41-utc-18x12.jpg 18w, https:\/\/empleadadehogar.net\/wp-content\/uploads\/2023\/10\/selective-focus-of-smiling-businesswoman-and-colle-2021-08-29-21-21-41-utc-600x400.jpg 600w, https:\/\/empleadadehogar.net\/wp-content\/uploads\/2023\/10\/selective-focus-of-smiling-businesswoman-and-colle-2021-08-29-21-21-41-utc.jpg 1920w\" sizes=\"(max-width: 800px) 100vw, 800px\" \/>\t\t\t\t\t\t\t\t\t\t\t\t\t\t\t<\/div>\n\t\t\t\t<\/div>\n\t\t\t\t<div class=\"elementor-element elementor-element-7a01db2 elementor-widget elementor-widget-heading\" data-id=\"7a01db2\" data-element_type=\"widget\" data-e-type=\"widget\" data-widget_type=\"heading.default\">\n\t\t\t\t<div class=\"elementor-widget-container\">\n\t\t\t\t\t<h2 class=\"elementor-heading-title elementor-size-default\">Altas y Bajas de un empleado<\/h2>\t\t\t\t<\/div>\n\t\t\t\t<\/div>\n\t\t\t\t<div class=\"elementor-element elementor-element-4112fb16 elementor-widget elementor-widget-text-editor\" data-id=\"4112fb16\" data-element_type=\"widget\" data-e-type=\"widget\" data-widget_type=\"text-editor.default\">\n\t\t\t\t<div class=\"elementor-widget-container\">\n\t\t\t\t\t\t\t\t\t<p>Cuando alguien\u00a0inicia la prestaci\u00f3n de servicios\u00a0a una empresa, los\u00a0finaliza\u00a0o hay variaciones en cuanto a estos, dichos cambios deben ser comunicados a la Tesorer\u00eda General de la Seguridad Social. Adem\u00e1s, las solicitudes de dichas gestiones siempre deben ir firmadas por el empresario empleador o el aut\u00f3nomo o trabajador por cuenta ajena, en caso de serlo.<\/p>\t\t\t\t\t\t\t\t<\/div>\n\t\t\t\t<\/div>\n\t\t\t\t\t<\/div>\n\t\t\t\t<\/div>\n\t\t\t\t<\/div>","protected":false},"excerpt":{"rendered":"<p>Altas y Bajas de un empleado Cuando alguien\u00a0inicia la prestaci\u00f3n de servicios\u00a0a una empresa, los\u00a0finaliza\u00a0o hay variaciones en cuanto a estos, dichos cambios deben ser comunicados a la Tesorer\u00eda General de la Seguridad Social. Adem\u00e1s, las solicitudes de dichas gestiones siempre deben ir firmadas por el empresario empleador o el aut\u00f3nomo o trabajador por cuenta [&hellip;]<\/p>\n","protected":false},"author":1,"featured_media":178,"comment_status":"open","ping_status":"closed","sticky":false,"template":"elementor_canvas","format":"standard","meta":{"_jetpack_memberships_contains_paid_content":false,"footnotes":""},"categories":[22],"tags":[],"class_list":["post-1","post","type-post","status-publish","format-standard","has-post-thumbnail","hentry","category-legal"],"yoast_head":"<!-- This site is optimized with the Yoast SEO plugin v27.5 - https:\/\/yoast.com\/product\/yoast-seo-wordpress\/ -->\n<title>Altas y Bajas de un empleado - Empleada de Hogar<\/title>\n<meta name=\"description\" content=\"Altas y bajas de un empleado\" \/>\n<meta name=\"robots\" content=\"index, follow, max-snippet:-1, max-image-preview:large, max-video-preview:-1\" \/>\n<link rel=\"canonical\" href=\"https:\/\/empleadadehogar.net\/eu\/altas-bajas-de-un-empleado\/\" \/>\n<meta property=\"og:locale\" content=\"en_US\" \/>\n<meta property=\"og:type\" content=\"article\" \/>\n<meta property=\"og:title\" content=\"Altas y Bajas de un empleado - Empleada de Hogar\" \/>\n<meta property=\"og:description\" content=\"Altas y bajas de un empleado\" \/>\n<meta property=\"og:url\" content=\"https:\/\/empleadadehogar.net\/eu\/altas-bajas-de-un-empleado\/\" \/>\n<meta property=\"og:site_name\" content=\"Empleada de Hogar\" \/>\n<meta property=\"article:published_time\" content=\"2023-10-19T09:25:56+00:00\" \/>\n<meta property=\"article:modified_time\" content=\"2023-10-20T15:25:19+00:00\" \/>\n<meta property=\"og:image\" content=\"https:\/\/empleadadehogar.net\/wp-content\/uploads\/2023\/10\/selective-focus-of-smiling-businesswoman-and-colle-2021-08-29-21-21-41-utc.jpg\" \/>\n\t<meta property=\"og:image:width\" content=\"1920\" \/>\n\t<meta property=\"og:image:height\" content=\"1280\" \/>\n\t<meta property=\"og:image:type\" content=\"image\/jpeg\" \/>\n<meta name=\"author\" content=\"admin\" \/>\n<meta name=\"twitter:card\" content=\"summary_large_image\" \/>\n<meta name=\"twitter:label1\" content=\"Written by\" \/>\n\t<meta name=\"twitter:data1\" content=\"admin\" \/>\n\t<meta name=\"twitter:label2\" content=\"Est. reading time\" \/>\n\t<meta name=\"twitter:data2\" content=\"1 minutua\" \/>\n<script type=\"application\/ld+json\" class=\"yoast-schema-graph\">{\"@context\":\"https:\\\/\\\/schema.org\",\"@graph\":[{\"@type\":\"Article\",\"@id\":\"https:\\\/\\\/empleadadehogar.net\\\/altas-bajas-de-un-empleado\\\/#article\",\"isPartOf\":{\"@id\":\"https:\\\/\\\/empleadadehogar.net\\\/altas-bajas-de-un-empleado\\\/\"},\"author\":{\"name\":\"admin\",\"@id\":\"https:\\\/\\\/empleadadehogar.net\\\/#\\\/schema\\\/person\\\/017c1d4de5c8260c498f3ae0da718556\"},\"headline\":\"Altas y Bajas de un empleado\",\"datePublished\":\"2023-10-19T09:25:56+00:00\",\"dateModified\":\"2023-10-20T15:25:19+00:00\",\"mainEntityOfPage\":{\"@id\":\"https:\\\/\\\/empleadadehogar.net\\\/altas-bajas-de-un-empleado\\\/\"},\"wordCount\":74,\"commentCount\":2,\"publisher\":{\"@id\":\"https:\\\/\\\/empleadadehogar.net\\\/#organization\"},\"image\":{\"@id\":\"https:\\\/\\\/empleadadehogar.net\\\/altas-bajas-de-un-empleado\\\/#primaryimage\"},\"thumbnailUrl\":\"https:\\\/\\\/empleadadehogar.net\\\/wp-content\\\/uploads\\\/2023\\\/10\\\/selective-focus-of-smiling-businesswoman-and-colle-2021-08-29-21-21-41-utc.jpg\",\"articleSection\":[\"Legal\"],\"inLanguage\":\"eu\",\"potentialAction\":[{\"@type\":\"CommentAction\",\"name\":\"Comment\",\"target\":[\"https:\\\/\\\/empleadadehogar.net\\\/altas-bajas-de-un-empleado\\\/#respond\"]}]},{\"@type\":\"WebPage\",\"@id\":\"https:\\\/\\\/empleadadehogar.net\\\/altas-bajas-de-un-empleado\\\/\",\"url\":\"https:\\\/\\\/empleadadehogar.net\\\/altas-bajas-de-un-empleado\\\/\",\"name\":\"Altas y Bajas de un empleado - Empleada de Hogar\",\"isPartOf\":{\"@id\":\"https:\\\/\\\/empleadadehogar.net\\\/#website\"},\"primaryImageOfPage\":{\"@id\":\"https:\\\/\\\/empleadadehogar.net\\\/altas-bajas-de-un-empleado\\\/#primaryimage\"},\"image\":{\"@id\":\"https:\\\/\\\/empleadadehogar.net\\\/altas-bajas-de-un-empleado\\\/#primaryimage\"},\"thumbnailUrl\":\"https:\\\/\\\/empleadadehogar.net\\\/wp-content\\\/uploads\\\/2023\\\/10\\\/selective-focus-of-smiling-businesswoman-and-colle-2021-08-29-21-21-41-utc.jpg\",\"datePublished\":\"2023-10-19T09:25:56+00:00\",\"dateModified\":\"2023-10-20T15:25:19+00:00\",\"description\":\"Altas y bajas de un empleado\",\"breadcrumb\":{\"@id\":\"https:\\\/\\\/empleadadehogar.net\\\/altas-bajas-de-un-empleado\\\/#breadcrumb\"},\"inLanguage\":\"eu\",\"potentialAction\":[{\"@type\":\"ReadAction\",\"target\":[\"https:\\\/\\\/empleadadehogar.net\\\/altas-bajas-de-un-empleado\\\/\"]}]},{\"@type\":\"ImageObject\",\"inLanguage\":\"eu\",\"@id\":\"https:\\\/\\\/empleadadehogar.net\\\/altas-bajas-de-un-empleado\\\/#primaryimage\",\"url\":\"https:\\\/\\\/empleadadehogar.net\\\/wp-content\\\/uploads\\\/2023\\\/10\\\/selective-focus-of-smiling-businesswoman-and-colle-2021-08-29-21-21-41-utc.jpg\",\"contentUrl\":\"https:\\\/\\\/empleadadehogar.net\\\/wp-content\\\/uploads\\\/2023\\\/10\\\/selective-focus-of-smiling-businesswoman-and-colle-2021-08-29-21-21-41-utc.jpg\",\"width\":1920,\"height\":1280},{\"@type\":\"BreadcrumbList\",\"@id\":\"https:\\\/\\\/empleadadehogar.net\\\/altas-bajas-de-un-empleado\\\/#breadcrumb\",\"itemListElement\":[{\"@type\":\"ListItem\",\"position\":1,\"name\":\"Portada\",\"item\":\"https:\\\/\\\/empleadadehogar.net\\\/\"},{\"@type\":\"ListItem\",\"position\":2,\"name\":\"Altas y Bajas de un empleado\"}]},{\"@type\":\"WebSite\",\"@id\":\"https:\\\/\\\/empleadadehogar.net\\\/#website\",\"url\":\"https:\\\/\\\/empleadadehogar.net\\\/\",\"name\":\"Empleada de Hogar\",\"description\":\"Empleada de Hogar\",\"publisher\":{\"@id\":\"https:\\\/\\\/empleadadehogar.net\\\/#organization\"},\"potentialAction\":[{\"@type\":\"SearchAction\",\"target\":{\"@type\":\"EntryPoint\",\"urlTemplate\":\"https:\\\/\\\/empleadadehogar.net\\\/?s={search_term_string}\"},\"query-input\":{\"@type\":\"PropertyValueSpecification\",\"valueRequired\":true,\"valueName\":\"search_term_string\"}}],\"inLanguage\":\"eu\"},{\"@type\":\"Organization\",\"@id\":\"https:\\\/\\\/empleadadehogar.net\\\/#organization\",\"name\":\"Empleada de Hogar\",\"url\":\"https:\\\/\\\/empleadadehogar.net\\\/\",\"logo\":{\"@type\":\"ImageObject\",\"inLanguage\":\"eu\",\"@id\":\"https:\\\/\\\/empleadadehogar.net\\\/#\\\/schema\\\/logo\\\/image\\\/\",\"url\":\"https:\\\/\\\/empleadadehogar.net\\\/wp-content\\\/uploads\\\/2023\\\/10\\\/cropped-logo1.png\",\"contentUrl\":\"https:\\\/\\\/empleadadehogar.net\\\/wp-content\\\/uploads\\\/2023\\\/10\\\/cropped-logo1.png\",\"width\":590,\"height\":226,\"caption\":\"Empleada de Hogar\"},\"image\":{\"@id\":\"https:\\\/\\\/empleadadehogar.net\\\/#\\\/schema\\\/logo\\\/image\\\/\"}},{\"@type\":\"Person\",\"@id\":\"https:\\\/\\\/empleadadehogar.net\\\/#\\\/schema\\\/person\\\/017c1d4de5c8260c498f3ae0da718556\",\"name\":\"admin\",\"image\":{\"@type\":\"ImageObject\",\"inLanguage\":\"eu\",\"@id\":\"https:\\\/\\\/secure.gravatar.com\\\/avatar\\\/4b903b6560091a7280eda90a2491f38d8fbc77a2bb55f4ac3a063d76b12dff57?s=96&d=mm&r=g\",\"url\":\"https:\\\/\\\/secure.gravatar.com\\\/avatar\\\/4b903b6560091a7280eda90a2491f38d8fbc77a2bb55f4ac3a063d76b12dff57?s=96&d=mm&r=g\",\"contentUrl\":\"https:\\\/\\\/secure.gravatar.com\\\/avatar\\\/4b903b6560091a7280eda90a2491f38d8fbc77a2bb55f4ac3a063d76b12dff57?s=96&d=mm&r=g\",\"caption\":\"admin\"},\"sameAs\":[\"https:\\\/\\\/empleadadehogar.net\"],\"url\":\"https:\\\/\\\/empleadadehogar.net\\\/eu\\\/author\\\/empleadadehogar\\\/\"}]}<\/script>\n<!-- \/ Yoast SEO plugin. -->","yoast_head_json":{"title":"Altas y Bajas de un empleado - Empleada de Hogar","description":"Altas y bajas de un empleado","robots":{"index":"index","follow":"follow","max-snippet":"max-snippet:-1","max-image-preview":"max-image-preview:large","max-video-preview":"max-video-preview:-1"},"canonical":"https:\/\/empleadadehogar.net\/eu\/altas-bajas-de-un-empleado\/","og_locale":"en_US","og_type":"article","og_title":"Altas y Bajas de un empleado - Empleada de Hogar","og_description":"Altas y bajas de un empleado","og_url":"https:\/\/empleadadehogar.net\/eu\/altas-bajas-de-un-empleado\/","og_site_name":"Empleada de Hogar","article_published_time":"2023-10-19T09:25:56+00:00","article_modified_time":"2023-10-20T15:25:19+00:00","og_image":[{"width":1920,"height":1280,"url":"https:\/\/empleadadehogar.net\/wp-content\/uploads\/2023\/10\/selective-focus-of-smiling-businesswoman-and-colle-2021-08-29-21-21-41-utc.jpg","type":"image\/jpeg"}],"author":"admin","twitter_card":"summary_large_image","twitter_misc":{"Written by":"admin","Est. reading time":"1 minutua"},"schema":{"@context":"https:\/\/schema.org","@graph":[{"@type":"Article","@id":"https:\/\/empleadadehogar.net\/altas-bajas-de-un-empleado\/#article","isPartOf":{"@id":"https:\/\/empleadadehogar.net\/altas-bajas-de-un-empleado\/"},"author":{"name":"admin","@id":"https:\/\/empleadadehogar.net\/#\/schema\/person\/017c1d4de5c8260c498f3ae0da718556"},"headline":"Altas y Bajas de un empleado","datePublished":"2023-10-19T09:25:56+00:00","dateModified":"2023-10-20T15:25:19+00:00","mainEntityOfPage":{"@id":"https:\/\/empleadadehogar.net\/altas-bajas-de-un-empleado\/"},"wordCount":74,"commentCount":2,"publisher":{"@id":"https:\/\/empleadadehogar.net\/#organization"},"image":{"@id":"https:\/\/empleadadehogar.net\/altas-bajas-de-un-empleado\/#primaryimage"},"thumbnailUrl":"https:\/\/empleadadehogar.net\/wp-content\/uploads\/2023\/10\/selective-focus-of-smiling-businesswoman-and-colle-2021-08-29-21-21-41-utc.jpg","articleSection":["Legal"],"inLanguage":"eu","potentialAction":[{"@type":"CommentAction","name":"Comment","target":["https:\/\/empleadadehogar.net\/altas-bajas-de-un-empleado\/#respond"]}]},{"@type":"WebPage","@id":"https:\/\/empleadadehogar.net\/altas-bajas-de-un-empleado\/","url":"https:\/\/empleadadehogar.net\/altas-bajas-de-un-empleado\/","name":"Altas y Bajas de un empleado - Empleada de Hogar","isPartOf":{"@id":"https:\/\/empleadadehogar.net\/#website"},"primaryImageOfPage":{"@id":"https:\/\/empleadadehogar.net\/altas-bajas-de-un-empleado\/#primaryimage"},"image":{"@id":"https:\/\/empleadadehogar.net\/altas-bajas-de-un-empleado\/#primaryimage"},"thumbnailUrl":"https:\/\/empleadadehogar.net\/wp-content\/uploads\/2023\/10\/selective-focus-of-smiling-businesswoman-and-colle-2021-08-29-21-21-41-utc.jpg","datePublished":"2023-10-19T09:25:56+00:00","dateModified":"2023-10-20T15:25:19+00:00","description":"Altas y bajas de un empleado","breadcrumb":{"@id":"https:\/\/empleadadehogar.net\/altas-bajas-de-un-empleado\/#breadcrumb"},"inLanguage":"eu","potentialAction":[{"@type":"ReadAction","target":["https:\/\/empleadadehogar.net\/altas-bajas-de-un-empleado\/"]}]},{"@type":"ImageObject","inLanguage":"eu","@id":"https:\/\/empleadadehogar.net\/altas-bajas-de-un-empleado\/#primaryimage","url":"https:\/\/empleadadehogar.net\/wp-content\/uploads\/2023\/10\/selective-focus-of-smiling-businesswoman-and-colle-2021-08-29-21-21-41-utc.jpg","contentUrl":"https:\/\/empleadadehogar.net\/wp-content\/uploads\/2023\/10\/selective-focus-of-smiling-businesswoman-and-colle-2021-08-29-21-21-41-utc.jpg","width":1920,"height":1280},{"@type":"BreadcrumbList","@id":"https:\/\/empleadadehogar.net\/altas-bajas-de-un-empleado\/#breadcrumb","itemListElement":[{"@type":"ListItem","position":1,"name":"Portada","item":"https:\/\/empleadadehogar.net\/"},{"@type":"ListItem","position":2,"name":"Altas y Bajas de un empleado"}]},{"@type":"WebSite","@id":"https:\/\/empleadadehogar.net\/#website","url":"https:\/\/empleadadehogar.net\/","name":"Empleada de Hogar","description":"Empleada de Hogar","publisher":{"@id":"https:\/\/empleadadehogar.net\/#organization"},"potentialAction":[{"@type":"SearchAction","target":{"@type":"EntryPoint","urlTemplate":"https:\/\/empleadadehogar.net\/?s={search_term_string}"},"query-input":{"@type":"PropertyValueSpecification","valueRequired":true,"valueName":"search_term_string"}}],"inLanguage":"eu"},{"@type":"Organization","@id":"https:\/\/empleadadehogar.net\/#organization","name":"Empleada de Hogar","url":"https:\/\/empleadadehogar.net\/","logo":{"@type":"ImageObject","inLanguage":"eu","@id":"https:\/\/empleadadehogar.net\/#\/schema\/logo\/image\/","url":"https:\/\/empleadadehogar.net\/wp-content\/uploads\/2023\/10\/cropped-logo1.png","contentUrl":"https:\/\/empleadadehogar.net\/wp-content\/uploads\/2023\/10\/cropped-logo1.png","width":590,"height":226,"caption":"Empleada de Hogar"},"image":{"@id":"https:\/\/empleadadehogar.net\/#\/schema\/logo\/image\/"}},{"@type":"Person","@id":"https:\/\/empleadadehogar.net\/#\/schema\/person\/017c1d4de5c8260c498f3ae0da718556","name":"admin","image":{"@type":"ImageObject","inLanguage":"eu","@id":"https:\/\/secure.gravatar.com\/avatar\/4b903b6560091a7280eda90a2491f38d8fbc77a2bb55f4ac3a063d76b12dff57?s=96&d=mm&r=g","url":"https:\/\/secure.gravatar.com\/avatar\/4b903b6560091a7280eda90a2491f38d8fbc77a2bb55f4ac3a063d76b12dff57?s=96&d=mm&r=g","contentUrl":"https:\/\/secure.gravatar.com\/avatar\/4b903b6560091a7280eda90a2491f38d8fbc77a2bb55f4ac3a063d76b12dff57?s=96&d=mm&r=g","caption":"admin"},"sameAs":["https:\/\/empleadadehogar.net"],"url":"https:\/\/empleadadehogar.net\/eu\/author\/empleadadehogar\/"}]}},"jetpack_featured_media_url":"https:\/\/empleadadehogar.net\/wp-content\/uploads\/2023\/10\/selective-focus-of-smiling-businesswoman-and-colle-2021-08-29-21-21-41-utc.jpg","jetpack_sharing_enabled":true,"_links":{"self":[{"href":"https:\/\/empleadadehogar.net\/eu\/wp-json\/wp\/v2\/posts\/1","targetHints":{"allow":["GET"]}}],"collection":[{"href":"https:\/\/empleadadehogar.net\/eu\/wp-json\/wp\/v2\/posts"}],"about":[{"href":"https:\/\/empleadadehogar.net\/eu\/wp-json\/wp\/v2\/types\/post"}],"author":[{"embeddable":true,"href":"https:\/\/empleadadehogar.net\/eu\/wp-json\/wp\/v2\/users\/1"}],"replies":[{"embeddable":true,"href":"https:\/\/empleadadehogar.net\/eu\/wp-json\/wp\/v2\/comments?post=1"}],"version-history":[{"count":18,"href":"https:\/\/empleadadehogar.net\/eu\/wp-json\/wp\/v2\/posts\/1\/revisions"}],"predecessor-version":[{"id":921,"href":"https:\/\/empleadadehogar.net\/eu\/wp-json\/wp\/v2\/posts\/1\/revisions\/921"}],"wp:featuredmedia":[{"embeddable":true,"href":"https:\/\/empleadadehogar.net\/eu\/wp-json\/wp\/v2\/media\/178"}],"wp:attachment":[{"href":"https:\/\/empleadadehogar.net\/eu\/wp-json\/wp\/v2\/media?parent=1"}],"wp:term":[{"taxonomy":"category","embeddable":true,"href":"https:\/\/empleadadehogar.net\/eu\/wp-json\/wp\/v2\/categories?post=1"},{"taxonomy":"post_tag","embeddable":true,"href":"https:\/\/empleadadehogar.net\/eu\/wp-json\/wp\/v2\/tags?post=1"}],"curies":[{"name":"wp","href":"https:\/\/api.w.org\/{rel}","templated":true}]}}